{"id":1772,"date":"2024-09-03T09:13:01","date_gmt":"2024-09-03T07:13:01","guid":{"rendered":"https:\/\/nisadesign.hr\/?p=1772"},"modified":"2024-10-18T19:30:55","modified_gmt":"2024-10-18T17:30:55","slug":"umjetnicki-panel-artalk","status":"publish","type":"post","link":"https:\/\/nisadesign.hr\/en\/umjetnicki-panel-artalk\/","title":{"rendered":"Umjetni\u010dki panel ArTalk"},"content":{"rendered":"<table width=\"672\">\n<tbody>\n<tr>\n<td width=\"672\">\u201eArTalk\u201c je umjetni\u010dki panel namijenjen djeci srednjo\u0161kolskog uzrasta i odraslima zainteresiranim za umjetnost. Projekt je sufinancirala Primorsko- goranska \u017eupanija. Kroz razgovore s afirmiranim rije\u010dkim umjetnicima i djelatnicima u kulturi ideja je upoznati razne umjetni\u010dke grane (kazali\u0161te, film, glazba, likovna umjetnost, primijenjena umjetnost, ples, knji\u017eevnost, radio), odnosno \u0161to to zna\u010di baviti se umjetno\u0161\u0107u. Odgovorit \u0107emo na pitanja kako su umjetnici svoju strast preto\u010dili u karijeru, a sve s ciljem lak\u0161eg odabira budu\u0107e karijere polaznika panela. Umjetnike \u0107emo upoznati u njihovim radnim okru\u017eenjima, pitati ih konkretna pitanja vezana uz njihov rad, pa \u010dak i saznati koliko privre\u0111uju, tj. odgovoriti na sva ona pitanja koja ne mo\u017eemo saznati kroz digitalne kanale.<\/p>\n<p>Primjer nam je odlazak na\u0161ih sudionika u posjet modnom ateljeu poznatog kreatora Juraja \u017digmana u Kostrenu, tamo bismo se okupili s na\u0161im doma\u0107inom, on bi nam pokazao svoj radni prostor, svoje kreacije, svoje skice, moderatori panela (Nisa Hrvatin Petrovi\u0107 i Petra \u0160arac) postavljali bi pitanja da dobijemo dobar uvid u cijelo poslovanje \u201emale modne ku\u0107e\u201c. \u017deljeli bismo saznati koliko ima zaposlenih, kako je krenuo na svoje poslovno putovanje, koje \u0161kole je zavr\u0161io, kako je do\u0161ao do suradnje sa slavnim osobama, koliko privre\u0111uje, koliko je truda i rada iza svakog njegovog uspjeha, koliko dnevno radi, tko mu je sve pomogao da do\u0111e do dana\u0161njeg uspjeha\u2026 Panel \u017eeli otkriti sve detalje o poslovnom putovanju svakog od na\u0161ih gostiju u svim sferama kulture i umjetnosti. Manifestacija je osmi\u0161ljena kroz \u0161kolsku godinu 2024.\/25., a do kraja teku\u0107e godine ugostit \u0107emo umjetnike: poznati modni dizajner Juraj Zigman, pjeva\u010dica Mia Negoveti\u0107, kazali\u0161na redateljica Olja Lozica, glumac GKL Rijeka Damir Orli\u0107, lutkarska tehnologinja Lu\u010di Vidanovi\u0107, lutkarska redateljica Sara Lustig, Marina Marinski (keramika), itd. Razgovori bi se odvijali svake subote, u periodu izme\u0111u 12h i 16h. Na samu ideju osmi\u0161ljavanja panela ponukala nas je \u010dinjenica da sami nismo imali dovoljno dostupnih informacija o umjetni\u010dkim zanimanjima u vrijeme kad smo zavr\u0161avali srednju \u0161kolu i prilikom odabira fakulteta. Voljeli bismo da na\u0161 panel pribli\u017ei umjetni\u010dka zanimanja djeci i mladima i tako populariziramo kulturu u na\u0161em gradu.<\/p>\n<p>Tako\u0111er da pribli\u017eimo umjetni\u010dki svijet mladima koji mo\u017eda smatraju da je te\u0161ko uspjeti u tome svijetu i do\u017eivljavaju da su poznati i slavni njima nepristupa\u010dni ili mo\u017eda nestvarni. \u017delimo ukazati da su i oni ljudi od krvi i mesa koji su se morali izboriti do svojeg uspjeha i da oni imaju svoje probleme s kojima se svakodnevno susre\u0107u.<\/p>\n<p>\u017delimo ovim panelom posjetiti razne umjetni\u010dke ateljee, kazali\u0161ne ku\u0107e, produkcijske ku\u0107e, osjetiti kako je to kad poznati glazbenik Mateo \u017dmak svira u Circolu, kako je stvarati lutkarsku etidu s lutkaricom, glumicom i redateljicom Sarom Lustig, \u0161to nam ima sve za re\u0107i Mirna Si\u0161ul u svojem kreativnom okru\u017eenju, mo\u017eda nam i zapjeva Mia Negoveti\u0107\u2026 Voljeli bismo sve te nezaboravne trenutke omogu\u0107iti na\u0161im polaznicima i mo\u017eda u budu\u0107nosti i drugima koji dolaze poslije njih.<\/p>\n<p>Ulaz do kraja godine slobodan za sve polaznike!<\/p>\n<p><strong>PRIJAVE: recisou@gmail.com\/ broj: 0921688467 \/ facebook: RECi\u0160OU \/ instagram: @recisouudruga<\/strong><\/p>\n<p>To\u010dan sat odr\u017eavanja panela sa to\u010dno utvr\u0111uje tjedan dana unaprijed na facebook i instagram stranicama RECi\u0160OU udruge.<\/p>\n<p>&nbsp;<\/p>\n<p><strong>RASPORED DOGA\u0110AJA:<\/strong><\/p>\n<p class=\"p1\"><b>KAZALI\u0160TE<\/b><\/p>\n<p class=\"p2\">28.09 SUB (izme\u0111u 12h- 16h) GKL RIJEKA- glumci- DAMIR ORLI\u0106 I PETRA \u0160ARAC, odr\u017eano!<\/p>\n<p class=\"p2\">05.10 SUB (izme\u0111u 12h- 16h) HNK ZAJC- ravnatelj talijanske drame- GIULIO SETTIMO, odr\u017eano!<\/p>\n<p class=\"p3\">12.10 SUB (izme\u0111u 12h- 16h) GKL RIJEKA- lutkarska tehnologinja- LU\u010cI VIDANOVI\u0106, odr\u017eano!<\/p>\n<p class=\"p2\">19.10 SUB (izme\u0111u 12h- 16h) HNK ZAJC- scenografkinja- ALEKSANDRA ANA BUKOVI\u0106<\/p>\n<p class=\"p2\">26.10 SUB (izme\u0111u 12h- 16h) APURI-\u00a0 kazali\u0161na redateljica- OLJA LOZICA<\/p>\n<p class=\"p3\">2.11 SUB (izme\u0111u 12h- 16h) GKR- dramsko pismo- VEDRANA BALEN SPIN\u010cI\u0106<\/p>\n<p class=\"p2\">09.11 SUB (izme\u0111u 12h- 16h) APURI- redateljica i glumica-SARA LUSTIG<\/p>\n<p class=\"p2\">16.11 SUB (izme\u0111u 12h- 16h) APURI- kamerman, dizajner svjetla- PAVLE KAPLANEC<\/p>\n<p class=\"p1\"><b>PRIMIJENJENA UMJETNOST<\/b><\/p>\n<p class=\"p3\">23.11 SUB (izme\u0111u 12h- 16h)\u00a0 ZIGMAN ATELJE, KOSTRENA- modni dizajner-JURAJ ZIGMAN<\/p>\n<p class=\"p2\">07.12 SUB (izme\u0111u 12h- 16h) APURI-fotografkinja- KARMEN<span class=\"Apple-converted-space\"> FODREK<\/span><\/p>\n<p class=\"p2\">14.12 SUB (izme\u0111u 12h- 16h) ANDREA ANI\u0106 PROFOUND APPAREL- modna dizajnerica- ANDREA ANI\u0106<\/p>\n<p class=\"p3\">21.12 SUB (izme\u0111u 12h- 16h) APURI- dizajnerica torbi i odje\u0107e\/ brend KALLA- PETRA VUKELI\u0106- KALLA<\/p>\n<p class=\"p1\">28.12 PRAZNICI<\/p>\n<p class=\"p2\">4.1 SUB (izme\u0111u 12h- 16h) APURI- grafi\u010dka dizajnerica i vlasnica brenda \u010cabeceda-TINA RADOSAVLJEVI\u0106<\/p>\n<p class=\"p2\">11.1. SUB (izme\u0111u 12h- 16h) APURI- slikarica na tekstilu- PAVLA PINEZI\u0106, MALA S KISTOM<\/p>\n<p class=\"p2\">18.1. SUB (izme\u0111u 12h- 16h) ARTMA\u0160INA, slikarica i primijenjena umjetnica- JADRANKA LACKOVI\u0106<\/p>\n<p class=\"p2\">25.1. SUB (izme\u0111u 12h- 16h) APURI- dizajnerica nakita, vlasnica brenda Nisa design- NISA HRVATIN PETROVI\u0106<\/p>\n<p class=\"p3\">1.2 SUB (izme\u0111u 12h- 16h) ATELJE MIRNE SI\u0160UL- slikarica i primijenjena umjetnica MIRNA SI\u0160UL<\/p>\n<p class=\"p2\">8.2. SUB (izme\u0111u 12h- 16h) ATELJE RU\u017dI\u0106- umjetnik i glazbenik-VEDRAN RU\u017dI\u0106<\/p>\n<p class=\"p1\"><b>LIKOVNA UMJETNOST + knji\u017eevnost<\/b><\/p>\n<p class=\"p2\">15.2. SUB (izme\u0111u 12h- 16h) GKL RIJEKA- kipar MIHAJLO UZELAC<\/p>\n<p class=\"p2\">22.2 SUB (izme\u0111u 12h- 16h) GKR- knji\u017eevnica- ALEKSANDRA FILIPOVI\u0106<\/p>\n<p class=\"p1\">1.3. PRAZNICI<\/p>\n<p class=\"p3\">8.3. SUB (izme\u0111u 12h- 16h) GKR- knji\u017eevnica-INGRID DIVKOVI\u0106<\/p>\n<p><b>GLAZBA<\/b><\/p>\n<p class=\"p3\">15.3. SUB (izme\u0111u 12h- 16h) PRHG- pjeva\u010dica MIA NEGOVETI\u0106<\/p>\n<p class=\"p2\">22.3 SUB (izme\u0111u 12h- 16h) -pjeva\u010d VJEKO KLJU\u010cARI\u0106<\/p>\n<p class=\"p2\">29.3 SUB (izme\u0111u 12h- 16h) YAMAHA MUSIC SCHOOL RIJEKA- pjeva\u010d i vocal coach DINO ANTONI\u0106<\/p>\n<p class=\"p2\">5.4. SUB (izme\u0111u 12h- 16h) YAMAHA MUSIC SCHOOL RIJEKA- pjeva\u010d-RINO PETROVI\u0106<\/p>\n<p class=\"p2\">12.4 SUB (izme\u0111u 12h- 16h) &#8211; instrumentalist- MATEO \u017dMAK<\/p>\n<p class=\"p1\">19.4 PRAZNICI<\/p>\n<p class=\"p2\">26.4 SUB (izme\u0111u 12h- 16h) APURI- glazbeni producent- ALEKSANDAR JOVANOVI\u0106<\/p>\n<p class=\"p2\">3.5 SUB (izme\u0111u 12h- 16h) YAMAHA MUSIC SCHOOL RIJEKA- glazbenik i producent- IVAN PE\u0160UT<\/p>\n<p class=\"p2\">10.5 SUB (izme\u0111u 12h- 16h) JOSIP KAPLAN- pjeva\u010dki zbor- PZM JOSIP KAPLAN<\/p>\n<p class=\"p3\">17.5 SUB (izme\u0111u 12h- 16h) RADIO RIJEKA- radijska voditeljica-VEDRANA LISICA<\/p>\n<p class=\"p1\"><b>PLES + FILM<\/b><\/p>\n<p class=\"p2\">24.5 SUB (izme\u0111u 12h- 16h) DOM MLADIH-plesna udruga- RI DANCE<\/p>\n<p class=\"p2\">31.5 SUB (izme\u0111u 12h- 16h) K2K CENTAR- plesa\u010dica KRISTINA PAUNOVSKI + balerina LAURA ORLI\u0106<\/p>\n<p class=\"p2\">7.6. SUB (izme\u0111u 12h- 16h) APURI, filmska produkcija i re\u017eija DAVID PETROVI\u0106<\/p>\n<p class=\"p2\">14.6 SUB (izme\u0111u 12h- 16h) STUDIO GR\u017dIN\u010cI\u0106 CREATIVE VISUALS- fotograf i kamerman FILIP GR\u017dIN\u010cI\u0106<\/p>\n<p class=\"p3\">21.6 SUB (izme\u0111u 12h- 16h) RADIO RO\u017dA- radio voditelj- SEBASTIJAN TOMA\u017dIN<\/p>\n<p># Organizator ima pravo promijenit prostor ili datum odr\u017eavanja zbog izvanrednog slu\u010daja<\/p>\n<p>Suradnici i prijatelji udruge koji poma\u017eu projektu: APURI, GKL RIJEKA, GKR, YAMAHA MUSIC SCHOOL RIJEKA, ArtMa\u0161ina, HNK Zajc, PRHG, Savjet mladih Grada Rijeke<\/p>\n<p>Projekt je sufinancirala Primorsko-goranska \u017eupanija.<\/td>\n<\/tr>\n<\/tbody>\n<\/table>","protected":false},"excerpt":{"rendered":"<p>\u201eArTalk\u201c je umjetni\u010dki panel namijenjen djeci srednjo\u0161kolskog uzrasta i odraslima zainteresiranim za umjetnost. Projekt je sufinancirala Primorsko- goranska \u017eupanija. Kroz razgovore s afirmiranim rije\u010dkim umjetnicima i djelatnicima u kulturi ideja je upoznati razne umjetni\u010dke grane (kazali\u0161te, film, glazba, likovna umjetnost, primijenjena umjetnost, ples, knji\u017eevnost, radio), odnosno \u0161to to zna\u010di baviti se umjetno\u0161\u0107u. Odgovorit \u0107emo na pitanja kako su umjetnici svoju strast preto\u010dili u karijeru, a sve s ciljem lak\u0161eg odabira budu\u0107e karijere polaznika panela. Umjetnike \u0107emo upoznati u njihovim radnim okru\u017eenjima, pitati ih konkretna pitanja vezana uz njihov rad, pa \u010dak i saznati koliko privre\u0111uju, tj. odgovoriti na sva ona pitanja koja ne mo\u017eemo saznati kroz digitalne kanale. Primjer nam je odlazak na\u0161ih sudionika u posjet modnom ateljeu poznatog kreatora Juraja \u017digmana u Kostrenu, tamo bismo se okupili s na\u0161im doma\u0107inom, on bi nam pokazao svoj radni prostor, svoje kreacije, svoje skice, moderatori panela (Nisa Hrvatin Petrovi\u0107 i Petra \u0160arac) postavljali bi pitanja da dobijemo dobar uvid u cijelo poslovanje \u201emale modne ku\u0107e\u201c. \u017deljeli bismo saznati koliko ima zaposlenih, kako je krenuo na svoje poslovno putovanje, koje \u0161kole je zavr\u0161io, kako je do\u0161ao do suradnje sa slavnim osobama, koliko privre\u0111uje, koliko je truda i rada iza svakog njegovog uspjeha, koliko [&hellip;]<\/p>","protected":false},"author":1,"featured_media":1773,"comment_status":"open","ping_status":"open","sticky":false,"template":"","format":"standard","meta":{"footnotes":""},"categories":[18],"tags":[181,164,167,179,169,165,178,177,168,162,175,166,163,157,173,171,159,172,170,182,160,158,180,176,174,161],"class_list":["post-1772","post","type-post","status-publish","format-standard","has-post-thumbnail","hentry","category-blog","tag-artalk","tag-damir-orlic","tag-david-petrovic","tag-dramaturgija","tag-glazba","tag-intervju","tag-kazaliste","tag-luci-vidanovic","tag-marina-marinski","tag-mianegovetic","tag-mirna-sisul","tag-nisa-hravtin-petrovic","tag-olja-lozica","tag-panel","tag-petra-sarac","tag-pricamo-o-umjetnosti","tag-rijeka","tag-sara-lustig","tag-slikarstvo","tag-umjetnicki-panel-artalk","tag-umjetnickipanel","tag-umjetnost","tag-vedrana-balen-spincic","tag-vedrana-lisica","tag-vjeko-kljucaric","tag-zigman"],"_links":{"self":[{"href":"https:\/\/nisadesign.hr\/en\/wp-json\/wp\/v2\/posts\/1772","targetHints":{"allow":["GET"]}}],"collection":[{"href":"https:\/\/nisadesign.hr\/en\/wp-json\/wp\/v2\/posts"}],"about":[{"href":"https:\/\/nisadesign.hr\/en\/wp-json\/wp\/v2\/types\/post"}],"author":[{"embeddable":true,"href":"https:\/\/nisadesign.hr\/en\/wp-json\/wp\/v2\/users\/1"}],"replies":[{"embeddable":true,"href":"https:\/\/nisadesign.hr\/en\/wp-json\/wp\/v2\/comments?post=1772"}],"version-history":[{"count":12,"href":"https:\/\/nisadesign.hr\/en\/wp-json\/wp\/v2\/posts\/1772\/revisions"}],"predecessor-version":[{"id":1786,"href":"https:\/\/nisadesign.hr\/en\/wp-json\/wp\/v2\/posts\/1772\/revisions\/1786"}],"wp:featuredmedia":[{"embeddable":true,"href":"https:\/\/nisadesign.hr\/en\/wp-json\/wp\/v2\/media\/1773"}],"wp:attachment":[{"href":"https:\/\/nisadesign.hr\/en\/wp-json\/wp\/v2\/media?parent=1772"}],"wp:term":[{"taxonomy":"category","embeddable":true,"href":"https:\/\/nisadesign.hr\/en\/wp-json\/wp\/v2\/categories?post=1772"},{"taxonomy":"post_tag","embeddable":true,"href":"https:\/\/nisadesign.hr\/en\/wp-json\/wp\/v2\/tags?post=1772"}],"curies":[{"name":"wp","href":"https:\/\/api.w.org\/{rel}","templated":true}]}}